[{"@context":"https:\/\/schema.org\/","@type":"Article","@id":"https:\/\/www.jk13.cz\/spolecne-straveny-cas\/#Article","mainEntityOfPage":"https:\/\/www.jk13.cz\/spolecne-straveny-cas\/","headline":"Spole\u010dn\u011b str\u00e1ven\u00fd \u010das","name":"Spole\u010dn\u011b str\u00e1ven\u00fd \u010das","description":"A na\u0161e sou\u010dasn\u00e1 doba je velmi \u010dasto na\u0159\u010den\u00e1 z individualismu. V jist\u00e9m smyslu je to pravda. Je zaj\u00edmav\u00e9 poslouchat star\u0161\u00ed generaci a vn\u00edmat tyto rozd\u00edly. V d\u0159\u00edv\u011bj\u0161\u00ed dob\u011b, pokud lid\u00e9 \u017eili v jednom dom\u011b, navz\u00e1jem se znali. Bylo pravd\u011bpodobn\u00e9, \u017ee se nav\u0161t\u011bvovali, potk\u00e1vali a v\u011bd\u011bli o sob\u011b. A pokud to byly rodiny s d\u011btmi, tyto [&hellip;]","datePublished":"2024-11-05","dateModified":"2024-11-05","author":{"@type":"Person","@id":"https:\/\/www.jk13.cz\/author\/#Person","name":"","url":"https:\/\/www.jk13.cz\/author\/","identifier":1,"image":{"@type":"ImageObject","@id":"https:\/\/secure.gravatar.com\/avatar\/0004469d2196026c4aaacbb56e80b8fe204b91e98e8d884732a12310e081011a?s=96&d=mm&r=g","url":"https:\/\/secure.gravatar.com\/avatar\/0004469d2196026c4aaacbb56e80b8fe204b91e98e8d884732a12310e081011a?s=96&d=mm&r=g","height":96,"width":96}},"publisher":{"@type":"Organization","name":"jk13.cz","logo":{"@type":"ImageObject","@id":"\/logo.png","url":"\/logo.png","width":600,"height":60}},"image":{"@type":"ImageObject","@id":"https:\/\/www.jk13.cz\/wp-content\/uploads\/%C3%BAklid_10_4.jpg","url":"https:\/\/www.jk13.cz\/wp-content\/uploads\/%C3%BAklid_10_4.jpg","height":0,"width":0},"url":"https:\/\/www.jk13.cz\/spolecne-straveny-cas\/","about":["Slu\u017eby"],"wordCount":463,"articleBody":"         A na\u0161e sou\u010dasn\u00e1 doba je velmi \u010dasto na\u0159\u010den\u00e1 z individualismu. V jist\u00e9m smyslu je to pravda. Je zaj\u00edmav\u00e9 poslouchat star\u0161\u00ed generaci a vn\u00edmat tyto rozd\u00edly. V d\u0159\u00edv\u011bj\u0161\u00ed dob\u011b, pokud lid\u00e9 \u017eili v jednom dom\u011b, navz\u00e1jem se znali. Bylo pravd\u011bpodobn\u00e9, \u017ee se nav\u0161t\u011bvovali, potk\u00e1vali a v\u011bd\u011bli o sob\u011b. A pokud to byly rodiny s d\u011btmi, tyto d\u011bti si t\u00e9m\u011b\u0159 jist\u011b spole\u010dn\u011b hr\u00e1ly. Obyvatel\u00e9 jednoho domu byli zvykl\u00ed se spole\u010dn\u011b starat o cel\u00fd d\u016fm. Taky to mnohdy jinak ne\u0161lo. Opravdu velmi d\u00e1vno bylo pravidlem, \u017ee na cel\u00fd d\u016fm byl pouze jedin\u00fd z\u00e1chod, kter\u00fd vyu\u017e\u00edvali v\u0161ichni obyvatel\u00e9. Takov\u00e9 to nastaven\u00ed znemo\u017e\u0148ovalo, aby lid\u00e9 mezi sebou nekomunikovali. Z logiky v\u011bci vypl\u00fdv\u00e1, \u017ee byly nuceni \u017e\u00edt pospolu a vych\u00e1zet mezi sebou. Od tohoto sch\u00e9matu jsme se ji\u017e d\u00e1vno odklonili. Pouze na mal\u00fdch m\u011bstech je b\u011b\u017en\u00e9, \u017ee se lid\u00e9 z jednoho domu znaj\u00ed. Pokud bydl\u00edte ve v\u011bt\u0161\u00edch m\u011bstech jako je Brno, Praha, Olomouc, Ostrava, je pravd\u011bpodobn\u00e9, \u017ee ani lid\u00e9 z jednoho panel\u00e1ku navz\u00e1jem o sob\u011b nic nev\u00ed. Jejich nejt\u011bsn\u011bj\u0161\u00edm kontaktem je letm\u00fd pohled a pozdraven\u00ed na chodb\u011b. Je ur\u010dit\u011b pravda, \u017ee n\u00e1m toto nastaven\u00ed n\u011bco d\u00e1v\u00e1 a z\u00e1rove\u0148 n\u011bco bere. Nyn\u00ed je n\u00e1m umo\u017en\u011bno \u017e\u00edt, na vlastn\u00edm kousku a za\u017e\u00edvat tak sv\u00e9 soukrom\u00ed, co\u017e je jist\u011b komfortn\u011bj\u0161\u00ed. Na druhou stranu, p\u0159ich\u00e1z\u00edme tak o velmi cenn\u00e9 mezilidsk\u00e9 kontakty, kter\u00e9 jsou mnohdy v r\u016fzn\u00fdch \u017eivotn\u00edch situac\u00edch nepostradateln\u00e9. \u010clov\u011bk je tvor spole\u010densk\u00fd a je pro n\u011bj nezbytn\u00e9, aby m\u011bl aspo\u0148 \u00fazk\u00fd krou\u017eek sv\u00fdch nejbli\u017e\u0161\u00edch, p\u0159\u00e1tel, kamar\u00e1d\u016f, rodiny. Kdo \u017eije dlouhodob\u011b bez tohoto z\u00e1kladu c\u00edt\u00ed osamocen\u00ed. Tito lid\u00e9 nejsou spokojen\u00ed a kvalita jejich \u017eivota je v\u00fdznamn\u011b sn\u00ed\u017eena. Je ale pot\u0159eba dodat i to, \u017ee n\u011bkter\u00fdm lidem to vyhovuje naopak. \u017divot ve spole\u010dnosti je jim \u00fapln\u011b ciz\u00ed. P\u0159esto ale st\u00e1le existuj\u00ed ur\u010dit\u00e9 aktivity, ze kter\u00fdch nen\u00ed mo\u017en\u00e9 mezilidsk\u00fd kontakt vylou\u010dit. Pr\u00e1v\u011b ob\u00fdv\u00e1n\u00ed jednoho panelov\u00e9ho domu vede k tomu, \u017ee se spolu jednodu\u0161e ob\u010das mus\u00edte potkat. Tak t\u0159eba jednat o domluven\u00ed \u00faklidu spole\u010dn\u00fdch prostor. D\u0159\u00edve tuto aktivitu d\u011blali sami n\u00e1jemn\u00edci, dnes je mo\u017en\u00e9 si na ni najmout profesion\u00e1ln\u00ed s\u00edlu. Ov\u0161em pak je nezbytn\u00e9 domluvit se na poplatku za \u00faklid spole\u010dn\u00fdch prostor https:\/\/modryzralok.cz\/uklid-panelovych-domu-a-svj\/. Co\u017e je mnohdy ale men\u0161\u00ed ob\u011b\u0165 ne\u017e vlastn\u00ed voln\u00fd \u010das.                                                                                                                                                                                                                                                                                                                                                                                                  "},{"@context":"https:\/\/schema.org\/","@type":"BreadcrumbList","itemListElement":[{"@type":"ListItem","position":1,"name":"Spole\u010dn\u011b str\u00e1ven\u00fd \u010das","item":"https:\/\/www.jk13.cz\/spolecne-straveny-cas\/#breadcrumbitem"}]}]