[{"@context":"https:\/\/schema.org\/","@type":"Article","@id":"https:\/\/www.jk13.cz\/uplne-se-zmenil\/#Article","mainEntityOfPage":"https:\/\/www.jk13.cz\/uplne-se-zmenil\/","headline":"\u00dapln\u011b se zm\u011bnil","name":"\u00dapln\u011b se zm\u011bnil","description":"S p\u0159\u00edtelem jsme 5 m\u011bs\u00edc\u016f. V\u0161echno bylo r\u016f\u017eov\u00e9. Tvrdil mi a po\u0159\u00e1d m\u011b p\u0159esv\u011bd\u010doval, \u017ee jsem \u017eena jeho \u017eivota a podobn\u011b. Ud\u011blala jsem v\u0161echny kroky k tomu, abychom mohli b\u00fdt spolu. Najednou mi \u0159ekl, \u017ee chce \u010das a \u017ee se mi ozve. Zhroutil se mi sv\u011bt. Je to p\u00e1r dn\u00ed a j\u00e1 nev\u00edm co d\u011blat, [&hellip;]","datePublished":"2024-01-27","dateModified":"2024-01-27","author":{"@type":"Person","@id":"https:\/\/www.jk13.cz\/author\/#Person","name":"","url":"https:\/\/www.jk13.cz\/author\/","identifier":1,"image":{"@type":"ImageObject","@id":"https:\/\/secure.gravatar.com\/avatar\/0004469d2196026c4aaacbb56e80b8fe204b91e98e8d884732a12310e081011a?s=96&d=mm&r=g","url":"https:\/\/secure.gravatar.com\/avatar\/0004469d2196026c4aaacbb56e80b8fe204b91e98e8d884732a12310e081011a?s=96&d=mm&r=g","height":96,"width":96}},"publisher":{"@type":"Organization","name":"jk13.cz","logo":{"@type":"ImageObject","@id":"\/logo.png","url":"\/logo.png","width":600,"height":60}},"image":{"@type":"ImageObject","@id":"https:\/\/www.jk13.cz\/wp-content\/uploads\/pexels-visoesdomundo-2808658_5.jpg","url":"https:\/\/www.jk13.cz\/wp-content\/uploads\/pexels-visoesdomundo-2808658_5.jpg","height":0,"width":0},"url":"https:\/\/www.jk13.cz\/uplne-se-zmenil\/","about":["Lifestyle"],"wordCount":452,"articleBody":"S p\u0159\u00edtelem jsme 5 m\u011bs\u00edc\u016f. V\u0161echno bylo r\u016f\u017eov\u00e9. Tvrdil mi a po\u0159\u00e1d m\u011b p\u0159esv\u011bd\u010doval, \u017ee jsem \u017eena jeho \u017eivota a podobn\u011b. Ud\u011blala jsem v\u0161echny kroky k tomu, abychom mohli b\u00fdt spolu. Najednou mi \u0159ekl, \u017ee chce \u010das a \u017ee se mi ozve. Zhroutil se mi sv\u011bt. Je to p\u00e1r dn\u00ed a j\u00e1 nev\u00edm co d\u011blat, jestli m\u00e1m \u010dekat a jak dlouho. Nejrad\u0161i bych mu zavolala anebo napsala, ale boj\u00edm se, \u017ee mi \u0159ekne, \u017ee na n\u011bj tla\u010d\u00edm. A v\u0161echno t\u00edm je\u0161t\u011b pokaz\u00edm. Nem\u016f\u017eu pracovat a v\u0161echno se na m\u011b val\u00ed. V\u016fbec nev\u00edm, jak reagovat. Jestli \u010dekat, p\u0159\u00edpadn\u011b jak dlouho, anebo to rozseknout. Jestli si m\u00e1m hr\u00e1t na hrdou i kdy\u017e v du\u0161i m\u00e1m jedin\u00e9 p\u0159\u00e1n\u00ed, a to b\u00fdt je\u0161t\u011b s n\u00edm anebo mu \u0159\u00edct pravdu, \u017ee jsem \u00fapln\u011b na dn\u011b. Mysl\u00edm si, \u017ee na n\u011bj tla\u010d\u00ed b\u00fdval\u00e1, se kterou se roze\u0161el, kdy\u017e jsme se poznali. Je ubl\u00ed\u017een\u00e1. A odpustila by mu asi cokoliv, jen aby s n\u00ed byl. P\u0159\u00edtel b\u00fdv\u00e1 impulzivn\u00ed ve sv\u00e9m chov\u00e1n\u00ed. Nejd\u0159\u00edv se pro n\u011bco hrozn\u011b nadchne a pak z toho vycouv\u00e1. A j\u00e1 nev\u00edm, co si o tom m\u00e1m myslet. Kdybych pro to neob\u011btovala n\u011bkter\u00e9 v\u011bci, kter\u00e9 pro m\u011b byly docela d\u016fle\u017eit\u00e9, tak bych ne\u0159ekla ani p\u016fl slova, jen\u017ee j\u00e1 jsem pro to ob\u011btovala docela dost, a pr\u00e1v\u011b proto m\u011b docela dost mrz\u00ed, jak se ke mn\u011b zachoval. Je\u0161t\u011b po\u0159\u00e1d \u010dek\u00e1m, \u017ee za mnou p\u0159ijede, obejme m\u011b a \u0159ekne, \u017ee bude v\u0161echno dobr\u00e9. \u017de se prost\u011b vr\u00e1t\u00ed a bude r\u00e1d se mnou, jen\u017ee zat\u00edm to tak v\u016fbec nevypad\u00e1 a j\u00e1 jsem absolutn\u011b bezradn\u00e1. Posledn\u00edch p\u00e1r dn\u016f u\u017e ani nem\u00e1m chu\u0165 k j\u00eddlu, proto\u017ee \u010d\u00edm d\u00e1l v\u00edce ztr\u00e1c\u00edm nad\u011bji a v\u00edru, \u017ee to bude zase v pohod\u011b a nejrad\u0161i bych jenom spala, nebo pracovala, ale to, jak v\u00edte samoz\u0159ejm\u011b nejde. Je to pro m\u011b stra\u0161n\u011b t\u011b\u017ek\u00e9, kdy\u017e v\u00edm, \u017ee se oba dva tr\u00e1p\u00edme, ale po\u0159\u00e1d p\u0159em\u00fd\u0161l\u00edm, jestli si t\u0159eba nena\u0161el n\u011bkoho jin\u00e9ho. V hlav\u011b mi prob\u00edhaj\u00ed r\u016fzn\u00e9 my\u0161lenky a j\u00e1 se jich n\u011bjak nem\u016f\u017eu zbavit. \u0158\u00edk\u00e1m si, jestli to m\u00e1 je\u0161t\u011b cenu se takhle tr\u00e1pit anebo se na to m\u00e1m prost\u011b vyka\u0161lat.\u00a0                                                                                                                                                                                                                                                                                                                                                                                                "},{"@context":"https:\/\/schema.org\/","@type":"BreadcrumbList","itemListElement":[{"@type":"ListItem","position":1,"name":"\u00dapln\u011b se zm\u011bnil","item":"https:\/\/www.jk13.cz\/uplne-se-zmenil\/#breadcrumbitem"}]}]