[{"@context":"https:\/\/schema.org\/","@type":"Article","@id":"https:\/\/www.jk13.cz\/vyuzijte-pri-stehovani-do-zahranici-vhodne-rocni-doby-a-pocasi\/#Article","mainEntityOfPage":"https:\/\/www.jk13.cz\/vyuzijte-pri-stehovani-do-zahranici-vhodne-rocni-doby-a-pocasi\/","headline":"Vyu\u017eijte p\u0159i st\u011bhov\u00e1n\u00ed do zahrani\u010d\u00ed vhodn\u00e9 ro\u010dn\u00ed doby a po\u010das\u00ed","name":"Vyu\u017eijte p\u0159i st\u011bhov\u00e1n\u00ed do zahrani\u010d\u00ed vhodn\u00e9 ro\u010dn\u00ed doby a po\u010das\u00ed","description":"Ka\u017ed\u00fd z v\u00e1s si jist\u011b dok\u00e1\u017ee p\u0159edstavit, co dovedou ni\u010div\u00e9 povodn\u011b nebo vlna tropick\u00fdch veder. Mohli jsme se o tom p\u0159esv\u011bd\u010dit, co se t\u00fd\u010de povodn\u00ed, v letech 1997, 2002 a tak\u00e9 letos, v roce 2024, a jednou z nejhor\u0161\u00edch vln veder bylo l\u00e9to roku 2015. V takov\u00fdch rozmarech po\u010das\u00ed je bezpe\u010dn\u011bj\u0161\u00ed z\u016fstat doma mimo z\u00e1plavovou [&hellip;]","datePublished":"2024-08-18","dateModified":"2024-08-18","author":{"@type":"Person","@id":"https:\/\/www.jk13.cz\/author\/#Person","name":"","url":"https:\/\/www.jk13.cz\/author\/","identifier":1,"image":{"@type":"ImageObject","@id":"https:\/\/secure.gravatar.com\/avatar\/0004469d2196026c4aaacbb56e80b8fe204b91e98e8d884732a12310e081011a?s=96&d=mm&r=g","url":"https:\/\/secure.gravatar.com\/avatar\/0004469d2196026c4aaacbb56e80b8fe204b91e98e8d884732a12310e081011a?s=96&d=mm&r=g","height":96,"width":96}},"publisher":{"@type":"Organization","name":"jk13.cz","logo":{"@type":"ImageObject","@id":"\/logo.png","url":"\/logo.png","width":600,"height":60}},"image":{"@type":"ImageObject","@id":"https:\/\/www.jk13.cz\/wp-content\/uploads\/highway-2606937_640_5.jpg","url":"https:\/\/www.jk13.cz\/wp-content\/uploads\/highway-2606937_640_5.jpg","height":0,"width":0},"url":"https:\/\/www.jk13.cz\/vyuzijte-pri-stehovani-do-zahranici-vhodne-rocni-doby-a-pocasi\/","about":["Slu\u017eby"],"wordCount":387,"articleBody":"       Ka\u017ed\u00fd z v\u00e1s si jist\u011b dok\u00e1\u017ee p\u0159edstavit, co dovedou ni\u010div\u00e9 povodn\u011b nebo vlna tropick\u00fdch veder. Mohli jsme se o tom p\u0159esv\u011bd\u010dit, co se t\u00fd\u010de povodn\u00ed, v letech 1997, 2002 a tak\u00e9 letos, v roce 2024, a jednou z nejhor\u0161\u00edch vln veder bylo l\u00e9to roku 2015. V takov\u00fdch rozmarech po\u010das\u00ed je bezpe\u010dn\u011bj\u0161\u00ed z\u016fstat doma mimo z\u00e1plavovou oblast a nep\u0159eh\u00e1n\u011bt to s fyzickou aktivitou. Letn\u00ed vedra mohou b\u00fdt p\u0159\u00ed\u010dinou infarktu a mozkov\u00e9 mrtvice a povodn\u011b zas nesm\u00edrn\u011b komplikuj\u00ed dopravu a ve\u0161ker\u00fd pohyb mimo domov, nemluv\u011b o povodn\u011bmi zasa\u017een\u00fdch oblastech.Jestli\u017ee m\u00e1te v pl\u00e1nu st\u011bhov\u00e1n\u00ed do zahrani\u010d\u00ed za cenu v\u00edce ne\u017e rozumnou, chceme v\u00e1m t\u00edmto nazna\u010dit, abyste se vyhnuli pokud mo\u017eno letn\u00edm extr\u00e9m\u016fm, kdy p\u0159ich\u00e1z\u00ed pr\u00e1v\u011b nejv\u011bt\u0161\u00ed probl\u00e9my tohoto typu. Tropick\u00e1 vedra mohou ude\u0159it ji\u017e koncem \u010dervna a p\u0159etrv\u00e1vaj\u00ed do prvn\u00ed poloviny z\u00e1\u0159\u00ed a povodn\u011b s nimi \u00fazce souvisej\u00ed, proto\u017ee pokud vedro vyst\u0159\u00edd\u00e1 prudk\u00fd pokles tlaku a tlakov\u00e1 n\u00ed\u017ee p\u0159i\u017eene n\u00edzkou obla\u010dnost, ta se m\u016f\u017ee nad na\u0161\u00edm \u00fazem\u00edm udr\u017eet i n\u011bkolik dn\u00ed a d\u00e9\u0161\u0165 pak rozvodn\u00ed mnoho \u0159\u00ed\u010dn\u00edch tok\u016f, co\u017e jsme za\u017eili p\u0159i povodn\u00edch v \u010dervenci 1966, v \u010dervnu 1970, v \u010dervenci 1981, v \u010dervenci 1987, v \u010dervenci 1997, v \u010dervenci 1998, v srpnu 2002, v \u010dervnu a \u010dervenci 2009, v srpnu 2010, v \u010dervnu 2013 a letos v polovin\u011b z\u00e1\u0159\u00ed 2024. Jak vid\u00edte \u2013 co povode\u0148, to l\u00e9to.Napl\u00e1nujte si rad\u011bji zahrani\u010dn\u00ed st\u011bhov\u00e1n\u00ed na jin\u00fd term\u00edn, ide\u00e1ln\u00ed je prvn\u00ed polovina kv\u011btna nebo \u0159\u00edjen, tehdy jsou p\u0159\u00edjemn\u00e9 teploty ovzdu\u0161\u00ed a nehroz\u00ed tak\u0159ka \u017e\u00e1dn\u00e9 extr\u00e9my po\u010das\u00ed. Va\u0161e st\u011bhov\u00e1n\u00ed tak m\u016f\u017ee prob\u011bhnout v poklidu a bez stresu a dopravn\u00edch kolaps\u016f nebo kolaps\u016f zdravotn\u00edch. St\u011bhovac\u00ed firmu si objednejte v\u010das, zajist\u011bte pro st\u011bhovac\u00ed vozy parkovac\u00ed m\u00edsto (pokud je placen\u00e9) a v\u011bnujte tak\u00e9 spoustu \u010dasu administrativn\u00edm, tedy hlavn\u011b v\u0161em smluvn\u00edm z\u00e1le\u017eitostem, abyste se nemuseli do \u010cesk\u00e9 republiky zbyte\u010dn\u011b vracet. Nezapom\u00ednejte tak\u00e9 na dostatek balic\u00edho a v\u00fdpl\u0148ov\u00e9ho materi\u00e1lu.                                                                                                                                                                                                                                                                                                                                                                                                  "},{"@context":"https:\/\/schema.org\/","@type":"BreadcrumbList","itemListElement":[{"@type":"ListItem","position":1,"name":"Vyu\u017eijte p\u0159i st\u011bhov\u00e1n\u00ed do zahrani\u010d\u00ed vhodn\u00e9 ro\u010dn\u00ed doby a po\u010das\u00ed","item":"https:\/\/www.jk13.cz\/vyuzijte-pri-stehovani-do-zahranici-vhodne-rocni-doby-a-pocasi\/#breadcrumbitem"}]}]